{"id":13493,"date":"2023-10-31T16:17:44","date_gmt":"2023-10-31T21:17:44","guid":{"rendered":"https:\/\/arquidiocesisdepopayan.org\/web\/?p=13493"},"modified":"2023-10-31T16:47:35","modified_gmt":"2023-10-31T21:47:35","slug":"entre-paginas-libros-antiguos-del-museo","status":"publish","type":"post","link":"https:\/\/arquidiocesisdepopayan.org\/web\/2023\/10\/31\/entre-paginas-libros-antiguos-del-museo\/","title":{"rendered":"Entre P\u00e1ginas: Libros Antiguos del Museo"},"content":{"rendered":"\n<p>\u00a1Estamos emocionados de compartir un vistazo al pasado a trav\u00e9s de las p\u00e1ginas de un libro antiguo que data de 1960\ud83d\udd70\ufe0f\u2026 En nuestro museo, cada libro antiguo cuenta una historia, no solo a trav\u00e9s de sus palabras, sino tambi\u00e9n de su antigua fragancia y delicadas p\u00e1ginas amarillentas. Es un viaje en el tiempo que no te quieres perder.<br>\u00a1No dudes en compartir esta publicaci\u00f3n para que m\u00e1s personas puedan descubrir la magia entre las p\u00e1ginas de los libros antiguos del museo! \ud83d\udcd6\u2728<\/p>\n\n\n\n<div style=\"height:21px\" aria-hidden=\"true\" class=\"wp-block-spacer\"><\/div>\n\n\n\n<div class=\"wp-block-uagb-image uagb-block-f7828fc8 wp-block-uagb-image--layout-default wp-block-uagb-image--effect-static wp-block-uagb-image--align-none\"><figure class=\"wp-block-uagb-image__figure\"><img loading=\"lazy\" decoding=\"async\" srcset=\"https:\/\/arquidiocesisdepopayan.org\/web\/wp-content\/uploads\/2023\/10\/libros6-1024x576.jpeg ,https:\/\/arquidiocesisdepopayan.org\/web\/wp-content\/uploads\/2023\/10\/libros6.jpeg 780w, https:\/\/arquidiocesisdepopayan.org\/web\/wp-content\/uploads\/2023\/10\/libros6.jpeg 360w\" sizes=\"auto, (max-width: 480px) 150px\" src=\"https:\/\/arquidiocesisdepopayan.org\/web\/wp-content\/uploads\/2023\/10\/libros6-1024x576.jpeg\" alt=\"\" class=\"uag-image-13500\" width=\"1024\" height=\"576\" title=\"\" loading=\"lazy\"\/><\/figure><\/div>\n\n\n\n<div style=\"height:21px\" aria-hidden=\"true\" class=\"wp-block-spacer\"><\/div>\n\n\n\n<div class=\"wp-block-uagb-image uagb-block-82781026 wp-block-uagb-image--layout-default wp-block-uagb-image--effect-static wp-block-uagb-image--align-none\"><figure class=\"wp-block-uagb-image__figure\"><img loading=\"lazy\" decoding=\"async\" srcset=\"https:\/\/arquidiocesisdepopayan.org\/web\/wp-content\/uploads\/2023\/10\/libros5-1024x576.jpeg ,https:\/\/arquidiocesisdepopayan.org\/web\/wp-content\/uploads\/2023\/10\/libros5.jpeg 780w, https:\/\/arquidiocesisdepopayan.org\/web\/wp-content\/uploads\/2023\/10\/libros5.jpeg 360w\" sizes=\"auto, (max-width: 480px) 150px\" src=\"https:\/\/arquidiocesisdepopayan.org\/web\/wp-content\/uploads\/2023\/10\/libros5-1024x576.jpeg\" alt=\"\" class=\"uag-image-13499\" width=\"1024\" height=\"576\" title=\"\" loading=\"lazy\"\/><\/figure><\/div>\n\n\n\n<div style=\"height:21px\" aria-hidden=\"true\" class=\"wp-block-spacer\"><\/div>\n\n\n\n<div class=\"wp-block-uagb-image uagb-block-cec2e271 wp-block-uagb-image--layout-default wp-block-uagb-image--effect-static wp-block-uagb-image--align-none\"><figure class=\"wp-block-uagb-image__figure\"><img loading=\"lazy\" decoding=\"async\" srcset=\"https:\/\/arquidiocesisdepopayan.org\/web\/wp-content\/uploads\/2023\/10\/libros3-1024x576.jpeg ,https:\/\/arquidiocesisdepopayan.org\/web\/wp-content\/uploads\/2023\/10\/libros3.jpeg 780w, https:\/\/arquidiocesisdepopayan.org\/web\/wp-content\/uploads\/2023\/10\/libros3.jpeg 360w\" sizes=\"auto, (max-width: 480px) 150px\" src=\"https:\/\/arquidiocesisdepopayan.org\/web\/wp-content\/uploads\/2023\/10\/libros3-1024x576.jpeg\" alt=\"\" class=\"uag-image-13497\" width=\"1024\" height=\"576\" title=\"\" loading=\"lazy\"\/><\/figure><\/div>\n\n\n\n<div style=\"height:21px\" aria-hidden=\"true\" class=\"wp-block-spacer\"><\/div>\n\n\n\n<div class=\"wp-block-uagb-image uagb-block-b54ddf19 wp-block-uagb-image--layout-default wp-block-uagb-image--effect-static wp-block-uagb-image--align-none\"><figure class=\"wp-block-uagb-image__figure\"><img loading=\"lazy\" decoding=\"async\" srcset=\"https:\/\/arquidiocesisdepopayan.org\/web\/wp-content\/uploads\/2023\/10\/libros2-1024x576.jpeg ,https:\/\/arquidiocesisdepopayan.org\/web\/wp-content\/uploads\/2023\/10\/libros2.jpeg 780w, https:\/\/arquidiocesisdepopayan.org\/web\/wp-content\/uploads\/2023\/10\/libros2.jpeg 360w\" sizes=\"auto, (max-width: 480px) 150px\" src=\"https:\/\/arquidiocesisdepopayan.org\/web\/wp-content\/uploads\/2023\/10\/libros2-1024x576.jpeg\" alt=\"\" class=\"uag-image-13496\" width=\"1024\" height=\"576\" title=\"\" loading=\"lazy\"\/><\/figure><\/div>\n\n\n\n<div style=\"height:21px\" aria-hidden=\"true\" class=\"wp-block-spacer\"><\/div>\n\n\n\n<div class=\"wp-block-uagb-image uagb-block-e031d2a5 wp-block-uagb-image--layout-default wp-block-uagb-image--effect-static wp-block-uagb-image--align-none\"><figure class=\"wp-block-uagb-image__figure\"><img loading=\"lazy\" decoding=\"async\" srcset=\"https:\/\/arquidiocesisdepopayan.org\/web\/wp-content\/uploads\/2023\/10\/libros1-1024x576.jpeg ,https:\/\/arquidiocesisdepopayan.org\/web\/wp-content\/uploads\/2023\/10\/libros1.jpeg 780w, https:\/\/arquidiocesisdepopayan.org\/web\/wp-content\/uploads\/2023\/10\/libros1.jpeg 360w\" sizes=\"auto, (max-width: 480px) 150px\" src=\"https:\/\/arquidiocesisdepopayan.org\/web\/wp-content\/uploads\/2023\/10\/libros1-1024x576.jpeg\" alt=\"\" class=\"uag-image-13495\" width=\"1024\" height=\"576\" title=\"\" loading=\"lazy\"\/><\/figure><\/div>\n","protected":false},"excerpt":{"rendered":"<p>\u00a1Estamos emocionados de compartir un vistazo al pasado a trav\u00e9s de las p\u00e1ginas de un libro antiguo que data de 1960\ud83d\udd70\ufe0f\u2026 En nuestro museo, cada libro antiguo cuenta una historia, no solo a trav\u00e9s de sus palabras, sino tambi\u00e9n de su antigua fragancia y delicadas p\u00e1ginas amarillentas. Es un viaje en el tiempo que no &hellip;<\/p>\n","protected":false},"author":7,"featured_media":13498,"comment_status":"closed","ping_status":"closed","sticky":false,"template":"","format":"standard","meta":{"_uag_custom_page_level_css":"","footnotes":""},"categories":[174],"tags":[178,176,175,177],"class_list":["post-13493","post","type-post","status-publish","format-standard","has-post-thumbnail","hentry","category-museo-de-arte-religioso","tag-culturaliteraria","tag-herencialiteraria","tag-historiasdelarteencolombia","tag-viajeeneltiempo","has-thumb"],"uagb_featured_image_src":{"full":["https:\/\/arquidiocesisdepopayan.org\/web\/wp-content\/uploads\/2023\/10\/libros4.jpeg",1366,768,false],"thumbnail":["https:\/\/arquidiocesisdepopayan.org\/web\/wp-content\/uploads\/2023\/10\/libros4-150x150.jpeg",150,150,true],"medium":["https:\/\/arquidiocesisdepopayan.org\/web\/wp-content\/uploads\/2023\/10\/libros4-300x169.jpeg",300,169,true],"medium_large":["https:\/\/arquidiocesisdepopayan.org\/web\/wp-content\/uploads\/2023\/10\/libros4-768x432.jpeg",710,399,true],"large":["https:\/\/arquidiocesisdepopayan.org\/web\/wp-content\/uploads\/2023\/10\/libros4-1024x576.jpeg",710,399,true],"1536x1536":["https:\/\/arquidiocesisdepopayan.org\/web\/wp-content\/uploads\/2023\/10\/libros4.jpeg",1366,768,false],"2048x2048":["https:\/\/arquidiocesisdepopayan.org\/web\/wp-content\/uploads\/2023\/10\/libros4.jpeg",1366,768,false],"post-thumbnail":["https:\/\/arquidiocesisdepopayan.org\/web\/wp-content\/uploads\/2023\/10\/libros4-640x506.jpeg",640,506,true],"brotherlylove-thumb-s":["https:\/\/arquidiocesisdepopayan.org\/web\/wp-content\/uploads\/2023\/10\/libros4-130x136.jpeg",130,136,true],"brotherlylove-thumb-blog-grid":["https:\/\/arquidiocesisdepopayan.org\/web\/wp-content\/uploads\/2023\/10\/libros4-536x505.jpeg",536,505,true],"brotherlylove-thumb-blog-masonry":["https:\/\/arquidiocesisdepopayan.org\/web\/wp-content\/uploads\/2023\/10\/libros4-700x394.jpeg",700,394,true],"brotherlylove-thumb-l":["https:\/\/arquidiocesisdepopayan.org\/web\/wp-content\/uploads\/2023\/10\/libros4-1280x506.jpeg",1280,506,true],"brotherlylove-thumb-blog":["https:\/\/arquidiocesisdepopayan.org\/web\/wp-content\/uploads\/2023\/10\/libros4-418x276.jpeg",418,276,true],"brotherlylove-thumb-project":["https:\/\/arquidiocesisdepopayan.org\/web\/wp-content\/uploads\/2023\/10\/libros4-370x260.jpeg",370,260,true],"brotherlylove-thumb-project-term":["https:\/\/arquidiocesisdepopayan.org\/web\/wp-content\/uploads\/2023\/10\/libros4-640x493.jpeg",640,493,true],"awb_sm":["https:\/\/arquidiocesisdepopayan.org\/web\/wp-content\/uploads\/2023\/10\/libros4-500x281.jpeg",500,281,true],"awb_md":["https:\/\/arquidiocesisdepopayan.org\/web\/wp-content\/uploads\/2023\/10\/libros4-800x450.jpeg",800,450,true],"awb_lg":["https:\/\/arquidiocesisdepopayan.org\/web\/wp-content\/uploads\/2023\/10\/libros4-1280x720.jpeg",1280,720,true],"awb_xl":["https:\/\/arquidiocesisdepopayan.org\/web\/wp-content\/uploads\/2023\/10\/libros4.jpeg",1366,768,false],"og-image":["https:\/\/arquidiocesisdepopayan.org\/web\/wp-content\/uploads\/2023\/10\/libros4-1200x630.jpeg",1200,630,true],"og-image@2x":["https:\/\/arquidiocesisdepopayan.org\/web\/wp-content\/uploads\/2023\/10\/libros4.jpeg",1366,768,false]},"uagb_author_info":{"display_name":"Arquidi\u00f3cesis de Popay\u00e1n","author_link":"https:\/\/arquidiocesisdepopayan.org\/web\/author\/arquidp\/"},"uagb_comment_info":0,"uagb_excerpt":"\u00a1Estamos emocionados de compartir un vistazo al pasado a trav\u00e9s de las p\u00e1ginas de un libro antiguo que data de 1960\ud83d\udd70\ufe0f\u2026 En nuestro museo, cada libro antiguo cuenta una historia, no solo a trav\u00e9s de sus palabras, sino tambi\u00e9n de su antigua fragancia y delicadas p\u00e1ginas amarillentas. Es un viaje en el tiempo que no&hellip;","_links":{"self":[{"href":"https:\/\/arquidiocesisdepopayan.org\/web\/wp-json\/wp\/v2\/posts\/13493","targetHints":{"allow":["GET"]}}],"collection":[{"href":"https:\/\/arquidiocesisdepopayan.org\/web\/wp-json\/wp\/v2\/posts"}],"about":[{"href":"https:\/\/arquidiocesisdepopayan.org\/web\/wp-json\/wp\/v2\/types\/post"}],"author":[{"embeddable":true,"href":"https:\/\/arquidiocesisdepopayan.org\/web\/wp-json\/wp\/v2\/users\/7"}],"replies":[{"embeddable":true,"href":"https:\/\/arquidiocesisdepopayan.org\/web\/wp-json\/wp\/v2\/comments?post=13493"}],"version-history":[{"count":8,"href":"https:\/\/arquidiocesisdepopayan.org\/web\/wp-json\/wp\/v2\/posts\/13493\/revisions"}],"predecessor-version":[{"id":13514,"href":"https:\/\/arquidiocesisdepopayan.org\/web\/wp-json\/wp\/v2\/posts\/13493\/revisions\/13514"}],"wp:featuredmedia":[{"embeddable":true,"href":"https:\/\/arquidiocesisdepopayan.org\/web\/wp-json\/wp\/v2\/media\/13498"}],"wp:attachment":[{"href":"https:\/\/arquidiocesisdepopayan.org\/web\/wp-json\/wp\/v2\/media?parent=13493"}],"wp:term":[{"taxonomy":"category","embeddable":true,"href":"https:\/\/arquidiocesisdepopayan.org\/web\/wp-json\/wp\/v2\/categories?post=13493"},{"taxonomy":"post_tag","embeddable":true,"href":"https:\/\/arquidiocesisdepopayan.org\/web\/wp-json\/wp\/v2\/tags?post=13493"}],"curies":[{"name":"wp","href":"https:\/\/api.w.org\/{rel}","templated":true}]}}