{"id":14370,"date":"2025-03-14T12:26:00","date_gmt":"2025-03-14T17:26:00","guid":{"rendered":"https:\/\/arquidiocesisdepopayan.org\/web\/?p=14370"},"modified":"2025-03-14T12:28:34","modified_gmt":"2025-03-14T17:28:34","slug":"camino-cuaresmal-2025-caminemos-juntos-en-la-esperanza","status":"publish","type":"post","link":"https:\/\/arquidiocesisdepopayan.org\/web\/2025\/03\/14\/camino-cuaresmal-2025-caminemos-juntos-en-la-esperanza\/","title":{"rendered":"Camino Cuaresmal 2025 \u201cCaminemos juntos en la esperanza\u201d"},"content":{"rendered":"\t\t<div data-elementor-type=\"wp-post\" data-elementor-id=\"14370\" class=\"elementor elementor-14370\">\n\t\t\t\t\t\t<section class=\"elementor-section elementor-top-section elementor-element elementor-element-3769f79 elementor-section-boxed elementor-section-height-default elementor-section-height-default\" data-id=\"3769f79\" data-element_type=\"section\">\n\t\t\t\t\t\t<div class=\"elementor-container elementor-column-gap-default\">\n\t\t\t\t\t<div class=\"elementor-column elementor-col-100 elementor-top-column elementor-element elementor-element-7ee01fb\" data-id=\"7ee01fb\" data-element_type=\"column\">\n\t\t\t<div class=\"elementor-widget-wrap elementor-element-populated\">\n\t\t\t\t\t\t<div class=\"elementor-element elementor-element-24b2731 elementor-widget elementor-widget-heading\" data-id=\"24b2731\" data-element_type=\"widget\" data-widget_type=\"heading.default\">\n\t\t\t\t<div class=\"elementor-widget-container\">\n\t\t\t\t\t<h2 class=\"elementor-heading-title elementor-size-default\">Camino Cuaresmal 2025\n\u201cCaminemos juntos en la esperanza\u201d <\/h2>\t\t\t\t<\/div>\n\t\t\t\t<\/div>\n\t\t\t\t\t<\/div>\n\t\t<\/div>\n\t\t\t\t\t<\/div>\n\t\t<\/section>\n\t\t\t\t<section class=\"elementor-section elementor-top-section elementor-element elementor-element-dfa15a6 elementor-section-boxed elementor-section-height-default elementor-section-height-default\" data-id=\"dfa15a6\" data-element_type=\"section\">\n\t\t\t\t\t\t<div class=\"elementor-container elementor-column-gap-default\">\n\t\t\t\t\t<div class=\"elementor-column elementor-col-100 elementor-top-column elementor-element elementor-element-b7a4058\" data-id=\"b7a4058\" data-element_type=\"column\">\n\t\t\t<div class=\"elementor-widget-wrap elementor-element-populated\">\n\t\t\t\t\t\t<div class=\"elementor-element elementor-element-39666d9 elementor-widget elementor-widget-image\" data-id=\"39666d9\" data-element_type=\"widget\" data-widget_type=\"image.default\">\n\t\t\t\t<div class=\"elementor-widget-container\">\n\t\t\t\t\t\t\t\t\t\t\t\t\t\t\t<img decoding=\"async\" src=\"https:\/\/arquidiocesisdepopayan.org\/web\/wp-content\/uploads\/2025\/03\/CAMINO-CUARESMAL-PEREGRINOS-DE-LA-ESPERANZA-2025.jpg\" title=\"\" alt=\"\" loading=\"lazy\" \/>\t\t\t\t\t\t\t\t\t\t\t\t\t\t\t<\/div>\n\t\t\t\t<\/div>\n\t\t\t\t\t<\/div>\n\t\t<\/div>\n\t\t\t\t\t<\/div>\n\t\t<\/section>\n\t\t\t\t<section class=\"elementor-section elementor-top-section elementor-element elementor-element-d8eca1c elementor-section-boxed elementor-section-height-default elementor-section-height-default\" data-id=\"d8eca1c\" data-element_type=\"section\">\n\t\t\t\t\t\t<div class=\"elementor-container elementor-column-gap-default\">\n\t\t\t\t\t<div class=\"elementor-column elementor-col-100 elementor-top-column elementor-element elementor-element-15ed477\" data-id=\"15ed477\" data-element_type=\"column\">\n\t\t\t<div class=\"elementor-widget-wrap elementor-element-populated\">\n\t\t\t\t\t\t<div class=\"elementor-element elementor-element-b201d3a elementor-widget elementor-widget-text-editor\" data-id=\"b201d3a\" data-element_type=\"widget\" data-widget_type=\"text-editor.default\">\n\t\t\t\t<div class=\"elementor-widget-container\">\n\t\t\t\t\t\t\t\t\t<h4>La Cuaresma del A\u00f1o Jubilar de la Esperanza comenz\u00f3 el cinco de marzo de 2025 con el Mi\u00e9rcoles de Ceniza en las 92 parroquias de la Arquidi\u00f3cesis de Popay\u00e1n. Este per\u00edodo de 40 d\u00edas es un tiempo propicio para reflexionar, meditar y acercarse a Dios a trav\u00e9s de la oraci\u00f3n, el ayuno y la caridad.<\/h4><h4>Monse\u00f1or Omar Alberto S\u00e1nchez Cubillos, arzobispo de Popay\u00e1n, destac\u00f3 la importancia de la conversi\u00f3n y el esfuerzo por transformar nuestras vidas durante este tiempo. Tambi\u00e9n resalt\u00f3 que, si todos hacemos nuestra parte, podemos contribuir a crear un mundo mejor.<\/h4><h4>La Cuaresma es un tiempo lit\u00fargico que nos prepara para la Pascua, la mayor celebraci\u00f3n de la Iglesia. Durante este per\u00edodo, se enfatizan tres pilares fundamentales: la oraci\u00f3n, el ayuno y la limosna. La oraci\u00f3n nos acerca a Dios, el ayuno nos ayuda a controlar nuestros deseos y la limosna nos recuerda la importancia de servir a los dem\u00e1s.<\/h4><h4>En este sentido, el Papa Francisco ha invitado a los fieles a <em>&#8220;caminar juntos en la esperanza&#8221;<\/em> durante la Cuaresma, record\u00e1ndonos que la esperanza es <em>&#8220;el ancla del alma&#8221;<\/em> que nos sostiene en momentos dif\u00edciles.<\/h4><h3><strong>Itinerario Cuaresmal 2025<\/strong><\/h3><h4><strong>CUARESMA:<\/strong> El Papa Francisco destaca tres llamados a la conversi\u00f3n:<\/h4><h4><strong>Caminar como peregrinos:<\/strong> nos recuerda que todos somos peregrinos en la vida y que debemos dejar que nos interpele la realidad concreta de aquellos que buscan una vida mejor.<\/h4><h4><strong>Caminar en sinodalidad:<\/strong> nos invita a caminar juntos, como una comunidad, y a ser artesanos de unidad, partiendo de la dignidad com\u00fan de hijos de Dios.<\/h4><h4><strong>Caminar en la esperanza:<\/strong> nos recuerda que la esperanza es &#8220;el ancla del alma&#8221; y que debemos confiar en Dios y en su gran promesa, la vida eterna.<\/h4><h4><strong>Pregunta para reflexionar: <\/strong><strong>\u00bfEstoy realmente en camino o un poco paralizado, est\u00e1tico, con miedo y falta de esperanza; o satisfecho en mi zona de confort?<\/strong><\/h4><h4>\u00a0<\/h4><h4><strong>PRIMERA SEMANA<\/strong><\/h4><h4>\u00a0<strong>La Esperanza de la Conversi\u00f3n<\/strong><\/h4><h4>La Cuaresma es un tiempo de gracia, un tiempo para reflexionar sobre nuestra vida y para volver a Dios con todo nuestro coraz\u00f3n. La conversi\u00f3n es posible, y la esperanza de una vida nueva es real. \u00a1No te rindas! \u00a1Sigue adelante con fe y esperanza!<\/h4><h4><strong>Texto para meditar:<\/strong> Marcos 1,15 <em>\u201cConvi\u00e9rtete y cree en el Evangelio\u201d.<\/em>\u00a0 Reflexiona sobre tu vida y sobre tus relaciones con Dios y con los dem\u00e1s.\u00a0 Pide a Dios que te de la gracia de la conversi\u00f3n y que te ayude a vivir una vida m\u00e1s plena.<\/h4><h4><strong>\u00bfQu\u00e9 pasos puedo dar para mejorar mi relaci\u00f3n con Dios y con los dem\u00e1s?<\/strong><\/h4><h4>\u00a0<\/h4><h4><strong>SEGUNDA SEMANA<\/strong><\/h4><h4><strong>\u00a0La Esperanza de la Misericordia<\/strong><\/h4><h4>Dios es misericordioso y nos ama sin condiciones. Su misericordia es mayor que nuestros pecados, y su amor es m\u00e1s fuerte que nuestra debilidad. \u00a1No te desanimes! \u00a1La misericordia de Dios es tu esperanza!&#8221;<\/h4><h4>Texto para meditar: Lucas 6,36 <em>\u201cDios es misericordioso y se compadece de nosotros\u201d.<\/em>\u00a0 Reflexiona sobre la misericordia de Dios y sobre c\u00f3mo te ha perdonado y te ha amado a pesar de tus errores y debilidades.\u00a0 Pide a Dios que te de la gracia de la misericordia y que te ayude a vivir una vida m\u00e1s compasiva y m\u00e1s amorosa.<\/h4><h4><strong>\u00bfC\u00f3mo puedo mostrar misericordia y compasi\u00f3n a los dem\u00e1s, especialmente a aquellos que est\u00e1n sufriendo o necesitan ayuda?<\/strong><\/h4><h4>\u00a0<\/h4><h4><strong>TERCERA SEMANA<\/strong><\/h4><h4><strong>\u00a0La Esperanza de la Renovaci\u00f3n<\/strong><\/h4><h4>La Cuaresma es un tiempo de renovaci\u00f3n, un tiempo para dejar atr\u00e1s lo viejo y para recibir lo nuevo. Dios quiere renovar tu coraz\u00f3n y tu vida. \u00a1Abre tu coraz\u00f3n a la gracia de Dios! \u00a1La renovaci\u00f3n es posible!<\/h4><h4>Texto para meditar: Salmo 51,12 <em>\u201c\u00a1Dios, crea en m\u00ed un coraz\u00f3n puro y renu\u00e9vame por dentro con esp\u00edritu firme!\u201d.<\/em>\u00a0 Reflexiona sobre las \u00e1reas de tu vida que necesitan renovaci\u00f3n y transformaci\u00f3n.\u00a0 Pide a Dios que te de la gracia de dejar atr\u00e1s muchas cosas para vivir una vida m\u00e1s plena y m\u00e1s significativa.<\/h4><h4><strong>\u00bfC\u00f3mo puedo dejar atr\u00e1s lo viejo y recibir lo nuevo que Dios quiere darme?<\/strong><\/h4><h4>\u00a0<\/h4><h4><strong>CUARTA SEMANA<\/strong><\/h4><h4><strong>La Esperanza de la Resurrecci\u00f3n<\/strong><\/h4><h4>La Pascua de Resurrecci\u00f3n es nuestra esperanza. Jesucristo resucit\u00f3 de entre los muertos y nos dio la vida eterna. \u00a1No te desanimes! \u00a1La resurrecci\u00f3n es tu esperanza! \u00a1La vida eterna es tu destino!<\/h4><h4>Texto para meditar: 1 Tesalonicenses 4,14 <em>\u201cporque si creemos que Jes\u00fas muri\u00f3 y resucit\u00f3, creemos tambi\u00e9n que, por medio de \u00c9l, Dios llevar\u00e1 consigo a los que han muerto\u201d.\u00a0 <\/em>La muerte no es el final, sino un nuevo comienzo.\u00a0 En la esperanza de la resurrecci\u00f3n, encontramos la fuerza para enfrentar los desaf\u00edos de la vida y para superar la oscuridad. Pide a Dios que te de la gracia de la luz y que te ayude a vivir una vida m\u00e1s esperanzadora y m\u00e1s iluminada.<\/h4><h4><strong>\u00bfQu\u00e9 pasos puedo dar para renovar mi compromiso con Jesucristo y para vivir una vida m\u00e1s plena y m\u00e1s significativa a la luz de la resurrecci\u00f3n?<\/strong><\/h4><h4>\u00a0<\/h4><h4><strong>QUINTA SEMANA<\/strong><\/h4><h4><strong>La Esperanza de la Redenci\u00f3n<\/strong><\/h4><h4>Dios nos ama tanto que dio a su Hijo \u00fanico para que muriera por nuestros pecados. La cruz es el s\u00edmbolo de la redenci\u00f3n, y la resurrecci\u00f3n es el s\u00edmbolo de la vida eterna. \u00a1No te rindas! \u00a1La redenci\u00f3n es tu esperanza!<\/h4><h4>Texto para meditar: Juan 3,<em>16 \u201cPorque tanto am\u00f3 Dios al mundo que dio a su Hijo \u00fanico para que todo el que crea en \u00e9l no se pierda, sino que tenga vida eterna\u201d.<\/em>\u00a0 La redenci\u00f3n es el acto de amor m\u00e1s grande que Dios ha realizado por la humanidad.\u00a0 Pidamos a Dios que nos ayude a vivir una vida de gratitud y de servicio, y que nos de la fuerza para seguir a Jesucristo en su camino de amor y de sacrificio.\u00a0<\/h4><h4><strong>\u00bfQu\u00e9 sacrificios est\u00e1s dispuesto a hacer para seguir a Jesucristo en su camino de amor?<\/strong><\/h4><h4>Espero que estos mensajes de esperanza te inspiren y te den fuerza durante la Cuaresma.<\/h4><h4><strong>\u00a1Que la esperanza de la resurrecci\u00f3n sea tu gu\u00eda y tu consuelo!<\/strong><\/h4><h4>\u00a0<\/h4><h4>Vea el video a continuaci\u00f3n&#8230;<\/h4>\t\t\t\t\t\t\t\t<\/div>\n\t\t\t\t<\/div>\n\t\t\t\t\t<\/div>\n\t\t<\/div>\n\t\t\t\t\t<\/div>\n\t\t<\/section>\n\t\t\t\t<section class=\"elementor-section elementor-top-section elementor-element elementor-element-ad5fb5e elementor-section-boxed elementor-section-height-default elementor-section-height-default\" data-id=\"ad5fb5e\" data-element_type=\"section\">\n\t\t\t\t\t\t<div class=\"elementor-container elementor-column-gap-default\">\n\t\t\t\t\t<div class=\"elementor-column elementor-col-100 elementor-top-column elementor-element elementor-element-795a049\" data-id=\"795a049\" data-element_type=\"column\">\n\t\t\t<div class=\"elementor-widget-wrap elementor-element-populated\">\n\t\t\t\t\t\t<div class=\"elementor-element elementor-element-7ecc258 elementor-widget elementor-widget-video\" data-id=\"7ecc258\" data-element_type=\"widget\" data-settings=\"{&quot;video_type&quot;:&quot;hosted&quot;,&quot;controls&quot;:&quot;yes&quot;}\" data-widget_type=\"video.default\">\n\t\t\t\t<div class=\"elementor-widget-container\">\n\t\t\t\t\t\t\t<div class=\"e-hosted-video elementor-wrapper elementor-open-inline\">\n\t\t\t\t\t<video class=\"elementor-video\" src=\"https:\/\/arquidiocesisdepopayan.org\/web\/wp-content\/uploads\/2025\/03\/MSJ-MONSENOR-OMAR-ALBERTO-SANCHEZ-CUBILLOS-CUARESMA-2025.mp4\" controls=\"\" preload=\"metadata\" controlsList=\"nodownload\"><\/video>\n\t\t\t\t<\/div>\n\t\t\t\t\t\t<\/div>\n\t\t\t\t<\/div>\n\t\t\t\t\t<\/div>\n\t\t<\/div>\n\t\t\t\t\t<\/div>\n\t\t<\/section>\n\t\t\t\t<\/div>\n\t\t","protected":false},"excerpt":{"rendered":"<p>Camino Cuaresmal 2025 \u201cCaminemos juntos en la esperanza\u201d La Cuaresma del A\u00f1o Jubilar de la Esperanza comenz\u00f3 el cinco de marzo de 2025 con el Mi\u00e9rcoles de Ceniza en las 92 parroquias de la Arquidi\u00f3cesis de Popay\u00e1n. Este per\u00edodo de 40 d\u00edas es un tiempo propicio para reflexionar, meditar y acercarse a Dios a trav\u00e9s &hellip;<\/p>\n","protected":false},"author":7,"featured_media":0,"comment_status":"closed","ping_status":"closed","sticky":false,"template":"","format":"standard","meta":{"_uag_custom_page_level_css":"","footnotes":""},"categories":[1,84],"tags":[],"class_list":["post-14370","post","type-post","status-publish","format-standard","hentry","category-arquidiocesis-de-popayan","category-boletines","no-thumb"],"uagb_featured_image_src":{"full":false,"thumbnail":false,"medium":false,"medium_large":false,"large":false,"1536x1536":false,"2048x2048":false,"post-thumbnail":false,"brotherlylove-thumb-s":false,"brotherlylove-thumb-blog-grid":false,"brotherlylove-thumb-blog-masonry":false,"brotherlylove-thumb-l":false,"brotherlylove-thumb-blog":false,"brotherlylove-thumb-project":false,"brotherlylove-thumb-project-term":false,"awb_sm":false,"awb_md":false,"awb_lg":false,"awb_xl":false,"og-image":false,"og-image@2x":false},"uagb_author_info":{"display_name":"Arquidi\u00f3cesis de Popay\u00e1n","author_link":"https:\/\/arquidiocesisdepopayan.org\/web\/author\/arquidp\/"},"uagb_comment_info":0,"uagb_excerpt":"Camino Cuaresmal 2025 \u201cCaminemos juntos en la esperanza\u201d La Cuaresma del A\u00f1o Jubilar de la Esperanza comenz\u00f3 el cinco de marzo de 2025 con el Mi\u00e9rcoles de Ceniza en las 92 parroquias de la Arquidi\u00f3cesis de Popay\u00e1n. Este per\u00edodo de 40 d\u00edas es un tiempo propicio para reflexionar, meditar y acercarse a Dios a trav\u00e9s&hellip;","_links":{"self":[{"href":"https:\/\/arquidiocesisdepopayan.org\/web\/wp-json\/wp\/v2\/posts\/14370","targetHints":{"allow":["GET"]}}],"collection":[{"href":"https:\/\/arquidiocesisdepopayan.org\/web\/wp-json\/wp\/v2\/posts"}],"about":[{"href":"https:\/\/arquidiocesisdepopayan.org\/web\/wp-json\/wp\/v2\/types\/post"}],"author":[{"embeddable":true,"href":"https:\/\/arquidiocesisdepopayan.org\/web\/wp-json\/wp\/v2\/users\/7"}],"replies":[{"embeddable":true,"href":"https:\/\/arquidiocesisdepopayan.org\/web\/wp-json\/wp\/v2\/comments?post=14370"}],"version-history":[{"count":0,"href":"https:\/\/arquidiocesisdepopayan.org\/web\/wp-json\/wp\/v2\/posts\/14370\/revisions"}],"wp:attachment":[{"href":"https:\/\/arquidiocesisdepopayan.org\/web\/wp-json\/wp\/v2\/media?parent=14370"}],"wp:term":[{"taxonomy":"category","embeddable":true,"href":"https:\/\/arquidiocesisdepopayan.org\/web\/wp-json\/wp\/v2\/categories?post=14370"},{"taxonomy":"post_tag","embeddable":true,"href":"https:\/\/arquidiocesisdepopayan.org\/web\/wp-json\/wp\/v2\/tags?post=14370"}],"curies":[{"name":"wp","href":"https:\/\/api.w.org\/{rel}","templated":true}]}}