{"id":15036,"date":"2025-09-03T18:29:31","date_gmt":"2025-09-03T23:29:31","guid":{"rendered":"https:\/\/arquidiocesisdepopayan.org\/web\/?p=15036"},"modified":"2025-09-09T19:27:02","modified_gmt":"2025-09-10T00:27:02","slug":"lanzamiento-oficial-la-38a-semana-por-la-paz-en-el-departamento-del-cauca-arropamos-la-vida-con-dignidad-y-esperanza","status":"publish","type":"post","link":"https:\/\/arquidiocesisdepopayan.org\/web\/2025\/09\/03\/lanzamiento-oficial-la-38a-semana-por-la-paz-en-el-departamento-del-cauca-arropamos-la-vida-con-dignidad-y-esperanza\/","title":{"rendered":"Lanzamiento oficial la 38\u00aa Semana por la Paz en el Departamento del Cauca &#8220;Arropamos la vida con dignidad y esperanza&#8221;"},"content":{"rendered":"\t\t<div data-elementor-type=\"wp-post\" data-elementor-id=\"15036\" class=\"elementor elementor-15036\">\n\t\t\t\t\t\t<section class=\"elementor-section elementor-top-section elementor-element elementor-element-c28b166 elementor-section-boxed elementor-section-height-default elementor-section-height-default\" data-id=\"c28b166\" data-element_type=\"section\">\n\t\t\t\t\t\t<div class=\"elementor-container elementor-column-gap-default\">\n\t\t\t\t\t<div class=\"elementor-column elementor-col-100 elementor-top-column elementor-element elementor-element-c54592c\" data-id=\"c54592c\" data-element_type=\"column\">\n\t\t\t<div class=\"elementor-widget-wrap elementor-element-populated\">\n\t\t\t\t\t\t<div class=\"elementor-element elementor-element-848cf0e elementor-widget elementor-widget-image\" data-id=\"848cf0e\" data-element_type=\"widget\" data-widget_type=\"image.default\">\n\t\t\t\t<div class=\"elementor-widget-container\">\n\t\t\t\t\t\t\t\t\t\t\t\t\t\t\t<img decoding=\"async\" src=\"https:\/\/arquidiocesisdepopayan.org\/web\/wp-content\/uploads\/2025\/09\/MES-DE-LA-PAZ-POPAYAN-2025.jpg\" title=\"\" alt=\"\" loading=\"lazy\" \/>\t\t\t\t\t\t\t\t\t\t\t\t\t\t\t<\/div>\n\t\t\t\t<\/div>\n\t\t\t\t\t<\/div>\n\t\t<\/div>\n\t\t\t\t\t<\/div>\n\t\t<\/section>\n\t\t\t\t<section class=\"elementor-section elementor-top-section elementor-element elementor-element-dd345b6 elementor-section-boxed elementor-section-height-default elementor-section-height-default\" data-id=\"dd345b6\" data-element_type=\"section\">\n\t\t\t\t\t\t<div class=\"elementor-container elementor-column-gap-default\">\n\t\t\t\t\t<div class=\"elementor-column elementor-col-100 elementor-top-column elementor-element elementor-element-01dda68\" data-id=\"01dda68\" data-element_type=\"column\">\n\t\t\t<div class=\"elementor-widget-wrap elementor-element-populated\">\n\t\t\t\t\t\t<div class=\"elementor-element elementor-element-192f0aa elementor-widget elementor-widget-heading\" data-id=\"192f0aa\" data-element_type=\"widget\" data-widget_type=\"heading.default\">\n\t\t\t\t<div class=\"elementor-widget-container\">\n\t\t\t\t\t<h2 class=\"elementor-heading-title elementor-size-default\">Lanzamiento oficial la 38\u00aa Semana por la Paz en el Departamento del Cauca \"Arropamos la vida con dignidad y esperanza\"<\/h2>\t\t\t\t<\/div>\n\t\t\t\t<\/div>\n\t\t\t\t\t<\/div>\n\t\t<\/div>\n\t\t\t\t\t<\/div>\n\t\t<\/section>\n\t\t\t\t<section class=\"elementor-section elementor-top-section elementor-element elementor-element-e79d761 elementor-section-boxed elementor-section-height-default elementor-section-height-default\" data-id=\"e79d761\" data-element_type=\"section\">\n\t\t\t\t\t\t<div class=\"elementor-container elementor-column-gap-default\">\n\t\t\t\t\t<div class=\"elementor-column elementor-col-100 elementor-top-column elementor-element elementor-element-31cd2dd\" data-id=\"31cd2dd\" data-element_type=\"column\">\n\t\t\t<div class=\"elementor-widget-wrap elementor-element-populated\">\n\t\t\t\t\t\t<div class=\"elementor-element elementor-element-77e7e27 elementor-widget elementor-widget-text-editor\" data-id=\"77e7e27\" data-element_type=\"widget\" data-widget_type=\"text-editor.default\">\n\t\t\t\t<div class=\"elementor-widget-container\">\n\t\t\t\t\t\t\t\t\t<p>Este primero de septiembre, la Arquidi\u00f3cesis de Popay\u00e1n, a trav\u00e9s de la Pastoral Social, invita a la comunidad a vivir con compromiso la 38\u00aa Semana por la Paz, que se llevar\u00e1 a cabo en todo el departamento del Cauca. Esta iniciativa busca promover una cultura de paz y reconciliaci\u00f3n en el Cauca, a trav\u00e9s de la reflexi\u00f3n, la educaci\u00f3n, la acci\u00f3n comunitaria, la m\u00fasica y<\/p><p>Con el objetivo de Fomentar una sociedad m\u00e1s justa y pac\u00edfica en el departamento del Cauca, a trav\u00e9s de la promoci\u00f3n de la paz y la reconciliaci\u00f3n.<\/p><p>Mensaje de Monse\u00f1or Omar Alberto S\u00e1nchez Cubillos, Arzobispo de Popay\u00e1n: <em>&#8220;El Cauca necesita una cultura y una pedagog\u00eda de paz porque no saldremos de estos conflictos sin el concurso de una sociedad civil que entiende el papel que debe cumplir a la hora de la transformaci\u00f3n de esta guerra en una expresi\u00f3n de convivencia y de reconciliaci\u00f3n general. La esperanza supone acciones continuas para poder encontrarnos con ella al final. La esperanza no es un optimismo sin acciones.&#8221;<\/em><\/p><p><strong>Principios de la Semana por la Paz:<\/strong><\/p><ul><li>Arropar la vida con dignidad y esperanza: Promover la dignidad y la esperanza en la vida de las personas y las comunidades.<\/li><li>Cuidar la vida es una tarea nuestra, es una responsabilidad comunitaria y una acci\u00f3n concreta de la Iglesia.<\/li><li>El di\u00e1logo siempre ser\u00e1 la mejor puerta para resolver nuestros conflictos.<\/li><\/ul><p>Durante este mes se realizar\u00e1 unas puntadas para construir colectivamente una <strong><em>&#8220;colcha por la paz&#8221;<\/em><\/strong> que simboliza la esperanza compartida que se construye con retazos de historia, memoria, lucha y fe.<\/p><p>La Iglesia cat\u00f3lica hace un llamado a la comunidad a unirse en esta Semana por la Paz 2025 y participar de toda la programaci\u00f3n est\u00e1n cordialmente invitados este<\/p><p><strong>12 de septiembre<\/strong>, Cristo al parque \u2013 \u201cCallejeando la paz\u201d desde las 6:00 p.m. hasta las 9:00 p.m. en el Atrio de la Catedral Bas\u00edlica Nuestra Se\u00f1ora de la Asunci\u00f3n a cargo de la Fundaci\u00f3n Cristo Sobre Ruedas.<\/p><p><strong>13 de septiembre<\/strong> en el Teatro Valencia a las 7:00 p.m. en el \u201cConcierto por la Paz\u201d con una invitada especial Kate James, las boletas las pueden adquirir en: Despacho Cural de la Parroquia San Agust\u00edn, Curia Arzobispal y Taquilla del Teatro, valor de la entrada: $20.000.<\/p><p>para construir una sociedad m\u00e1s justa y pac\u00edfica en el departamento del Cauca.<\/p><p>La Semana por la Paz cuenta con el apoyo de diversas organizaciones y entidades, incluyendo: Consejo Municipal de Paz de Popay\u00e1n, Leapaz: Legado y acciones para la paz, Dipaz: Di\u00e1logo intereclesial por la paz , FICONPAZ, Comisi\u00f3n Intereclesial de Justicia y Paz , ETCR Aldemar Gal\u00e1n, Asociaci\u00f3n de Mujeres Semillas de Esperanza y Reconstrucci\u00f3n por la Paz \u2013 SERPAZ, Agencia para la Reincorporaci\u00f3n y la Normalizaci\u00f3n \u2013 ARN, UNVMC (Misi\u00f3n de Verificaci\u00f3n de la ONU en Colombia), Gobernaci\u00f3n del Cauca, UNAD: Universidad Nacional Abierta y a Distancia, FUP: Fundaci\u00f3n Universitaria de Popay\u00e1n , Alcald\u00eda de Popay\u00e1n, Caucavisi\u00f3n, Mapp-OEA, Agenda de Paz de las Mujeres del Cauca (APMC), Agencia de Renovaci\u00f3n del Territorio -ART, Programas Desarrollo Enfoque Territorial PDET, UBPDD \u2013 Unidad de B\u00fasqueda de Personas dadas por Desaparecidas, Asociaci\u00f3n Caucana de Escritores, Asociaci\u00f3n de Poetas y Escritores (ACE), Emisora comunitaria Aires de Timb\u00edo, Cine en Mi Barrio Programa Paz; buscan tender puentes de esperanza en medio de la violencia y la fragmentaci\u00f3n social que afectan al pa\u00eds.\u00a0 \u00a0 \u00a0<\/p><p><em>\u201cArropar la vida con dignidad y esperanza. As\u00ed que, que esta semana sume m\u00e1s en t\u00e9rminos de construcci\u00f3n de paz y que la guerra se sienta cuestionada y se sienta invalidada de una sociedad que proclama la vida como principio fundamental. La Iglesia tiene 38 a\u00f1os celebrando con otras organizaciones de alto calado en el pa\u00eds que han trabajado por la paz\u201d.<\/em> Agrego Mons. Omar Alberto S\u00e1nchez Cubillos.<\/p><p>En el siguiente link encontraras toda la informaci\u00f3n de las actividades y materiales para su publicaci\u00f3n:<\/p><p><a href=\"https:\/\/drive.google.com\/drive\/folders\/1Dds5d2Bp1gvOCjo17L6dIJddHeD97znd?usp=drive_link\">https:\/\/drive.google.com\/drive\/folders\/1Dds5d2Bp1gvOCjo17L6dIJddHeD97znd?usp=drive_link<\/a><\/p><p><strong>Agenda de actividades en el mes de la Paz 2025<\/strong><\/p>\t\t\t\t\t\t\t\t<\/div>\n\t\t\t\t<\/div>\n\t\t\t\t\t<\/div>\n\t\t<\/div>\n\t\t\t\t\t<\/div>\n\t\t<\/section>\n\t\t\t\t<section class=\"elementor-section elementor-top-section elementor-element elementor-element-ddcf9ca elementor-section-boxed elementor-section-height-default elementor-section-height-default\" data-id=\"ddcf9ca\" data-element_type=\"section\">\n\t\t\t\t\t\t<div class=\"elementor-container elementor-column-gap-default\">\n\t\t\t\t\t<div class=\"elementor-column elementor-col-100 elementor-top-column elementor-element elementor-element-9569a4c\" data-id=\"9569a4c\" data-element_type=\"column\">\n\t\t\t<div class=\"elementor-widget-wrap elementor-element-populated\">\n\t\t\t\t\t\t<div class=\"elementor-element elementor-element-e98eab5 elementor-widget elementor-widget-shortcode\" data-id=\"e98eab5\" data-element_type=\"widget\" data-widget_type=\"shortcode.default\">\n\t\t\t\t<div class=\"elementor-widget-container\">\n\t\t\t\t\t\t\t<div class=\"elementor-shortcode\"><div class=\"_df_book df-lite\" id=\"df_15047\"  _slug=\"agenda-mes-por-la-paz-2025-2\" data-title=\"agenda-mes-por-la-paz-2025\" wpoptions=\"true\" thumbtype=\"\" ><\/div><script class=\"df-shortcode-script\" nowprocket type=\"application\/javascript\">window.option_df_15047 = {\"outline\":[],\"autoEnableOutline\":\"false\",\"autoEnableThumbnail\":\"false\",\"overwritePDFOutline\":\"false\",\"direction\":\"1\",\"pageSize\":\"0\",\"source\":\"https:\\\/\\\/arquidiocesisdepopayan.org\\\/web\\\/wp-content\\\/uploads\\\/2025\\\/09\\\/AGENDA-SEMANA-POR-LA-PAZ-1.pdf\",\"wpOptions\":\"true\"}; if(window.DFLIP && window.DFLIP.parseBooks){window.DFLIP.parseBooks();}<\/script><\/div>\n\t\t\t\t\t\t<\/div>\n\t\t\t\t<\/div>\n\t\t\t\t\t<\/div>\n\t\t<\/div>\n\t\t\t\t\t<\/div>\n\t\t<\/section>\n\t\t\t\t<\/div>\n\t\t","protected":false},"excerpt":{"rendered":"<p>Lanzamiento oficial la 38\u00aa Semana por la Paz en el Departamento del Cauca &#8220;Arropamos la vida con dignidad y esperanza&#8221; Este primero de septiembre, la Arquidi\u00f3cesis de Popay\u00e1n, a trav\u00e9s de la Pastoral Social, invita a la comunidad a vivir con compromiso la 38\u00aa Semana por la Paz, que se llevar\u00e1 a cabo en todo &hellip;<\/p>\n","protected":false},"author":7,"featured_media":15237,"comment_status":"closed","ping_status":"closed","sticky":false,"template":"","format":"standard","meta":{"_uag_custom_page_level_css":"","footnotes":""},"categories":[1,84],"tags":[],"class_list":["post-15036","post","type-post","status-publish","format-standard","has-post-thumbnail","hentry","category-arquidiocesis-de-popayan","category-boletines","has-thumb"],"uagb_featured_image_src":{"full":["https:\/\/arquidiocesisdepopayan.org\/web\/wp-content\/uploads\/2026\/03\/WhatsApp-Image-2026-03-06-at-4.37.42-PM-1.jpeg",851,315,false],"thumbnail":["https:\/\/arquidiocesisdepopayan.org\/web\/wp-content\/uploads\/2026\/03\/WhatsApp-Image-2026-03-06-at-4.37.42-PM-1-150x150.jpeg",150,150,true],"medium":["https:\/\/arquidiocesisdepopayan.org\/web\/wp-content\/uploads\/2026\/03\/WhatsApp-Image-2026-03-06-at-4.37.42-PM-1-300x111.jpeg",300,111,true],"medium_large":["https:\/\/arquidiocesisdepopayan.org\/web\/wp-content\/uploads\/2026\/03\/WhatsApp-Image-2026-03-06-at-4.37.42-PM-1-768x284.jpeg",710,263,true],"large":["https:\/\/arquidiocesisdepopayan.org\/web\/wp-content\/uploads\/2026\/03\/WhatsApp-Image-2026-03-06-at-4.37.42-PM-1.jpeg",710,263,false],"1536x1536":["https:\/\/arquidiocesisdepopayan.org\/web\/wp-content\/uploads\/2026\/03\/WhatsApp-Image-2026-03-06-at-4.37.42-PM-1.jpeg",851,315,false],"2048x2048":["https:\/\/arquidiocesisdepopayan.org\/web\/wp-content\/uploads\/2026\/03\/WhatsApp-Image-2026-03-06-at-4.37.42-PM-1.jpeg",851,315,false],"post-thumbnail":["https:\/\/arquidiocesisdepopayan.org\/web\/wp-content\/uploads\/2026\/03\/WhatsApp-Image-2026-03-06-at-4.37.42-PM-1-640x315.jpeg",640,315,true],"brotherlylove-thumb-s":["https:\/\/arquidiocesisdepopayan.org\/web\/wp-content\/uploads\/2026\/03\/WhatsApp-Image-2026-03-06-at-4.37.42-PM-1-130x136.jpeg",130,136,true],"brotherlylove-thumb-blog-grid":["https:\/\/arquidiocesisdepopayan.org\/web\/wp-content\/uploads\/2026\/03\/WhatsApp-Image-2026-03-06-at-4.37.42-PM-1-536x315.jpeg",536,315,true],"brotherlylove-thumb-blog-masonry":["https:\/\/arquidiocesisdepopayan.org\/web\/wp-content\/uploads\/2026\/03\/WhatsApp-Image-2026-03-06-at-4.37.42-PM-1-700x259.jpeg",700,259,true],"brotherlylove-thumb-l":["https:\/\/arquidiocesisdepopayan.org\/web\/wp-content\/uploads\/2026\/03\/WhatsApp-Image-2026-03-06-at-4.37.42-PM-1.jpeg",851,315,false],"brotherlylove-thumb-blog":["https:\/\/arquidiocesisdepopayan.org\/web\/wp-content\/uploads\/2026\/03\/WhatsApp-Image-2026-03-06-at-4.37.42-PM-1-418x276.jpeg",418,276,true],"brotherlylove-thumb-project":["https:\/\/arquidiocesisdepopayan.org\/web\/wp-content\/uploads\/2026\/03\/WhatsApp-Image-2026-03-06-at-4.37.42-PM-1-370x260.jpeg",370,260,true],"brotherlylove-thumb-project-term":["https:\/\/arquidiocesisdepopayan.org\/web\/wp-content\/uploads\/2026\/03\/WhatsApp-Image-2026-03-06-at-4.37.42-PM-1-640x315.jpeg",640,315,true],"awb_sm":["https:\/\/arquidiocesisdepopayan.org\/web\/wp-content\/uploads\/2026\/03\/WhatsApp-Image-2026-03-06-at-4.37.42-PM-1-500x185.jpeg",500,185,true],"awb_md":["https:\/\/arquidiocesisdepopayan.org\/web\/wp-content\/uploads\/2026\/03\/WhatsApp-Image-2026-03-06-at-4.37.42-PM-1-800x296.jpeg",800,296,true],"awb_lg":["https:\/\/arquidiocesisdepopayan.org\/web\/wp-content\/uploads\/2026\/03\/WhatsApp-Image-2026-03-06-at-4.37.42-PM-1.jpeg",851,315,false],"awb_xl":["https:\/\/arquidiocesisdepopayan.org\/web\/wp-content\/uploads\/2026\/03\/WhatsApp-Image-2026-03-06-at-4.37.42-PM-1.jpeg",851,315,false],"og-image":["https:\/\/arquidiocesisdepopayan.org\/web\/wp-content\/uploads\/2026\/03\/WhatsApp-Image-2026-03-06-at-4.37.42-PM-1.jpeg",851,315,false],"og-image@2x":["https:\/\/arquidiocesisdepopayan.org\/web\/wp-content\/uploads\/2026\/03\/WhatsApp-Image-2026-03-06-at-4.37.42-PM-1.jpeg",851,315,false]},"uagb_author_info":{"display_name":"Arquidi\u00f3cesis de Popay\u00e1n","author_link":"https:\/\/arquidiocesisdepopayan.org\/web\/author\/arquidp\/"},"uagb_comment_info":0,"uagb_excerpt":"Lanzamiento oficial la 38\u00aa Semana por la Paz en el Departamento del Cauca &#8220;Arropamos la vida con dignidad y esperanza&#8221; Este primero de septiembre, la Arquidi\u00f3cesis de Popay\u00e1n, a trav\u00e9s de la Pastoral Social, invita a la comunidad a vivir con compromiso la 38\u00aa Semana por la Paz, que se llevar\u00e1 a cabo en todo&hellip;","_links":{"self":[{"href":"https:\/\/arquidiocesisdepopayan.org\/web\/wp-json\/wp\/v2\/posts\/15036","targetHints":{"allow":["GET"]}}],"collection":[{"href":"https:\/\/arquidiocesisdepopayan.org\/web\/wp-json\/wp\/v2\/posts"}],"about":[{"href":"https:\/\/arquidiocesisdepopayan.org\/web\/wp-json\/wp\/v2\/types\/post"}],"author":[{"embeddable":true,"href":"https:\/\/arquidiocesisdepopayan.org\/web\/wp-json\/wp\/v2\/users\/7"}],"replies":[{"embeddable":true,"href":"https:\/\/arquidiocesisdepopayan.org\/web\/wp-json\/wp\/v2\/comments?post=15036"}],"version-history":[{"count":0,"href":"https:\/\/arquidiocesisdepopayan.org\/web\/wp-json\/wp\/v2\/posts\/15036\/revisions"}],"wp:featuredmedia":[{"embeddable":true,"href":"https:\/\/arquidiocesisdepopayan.org\/web\/wp-json\/wp\/v2\/media\/15237"}],"wp:attachment":[{"href":"https:\/\/arquidiocesisdepopayan.org\/web\/wp-json\/wp\/v2\/media?parent=15036"}],"wp:term":[{"taxonomy":"category","embeddable":true,"href":"https:\/\/arquidiocesisdepopayan.org\/web\/wp-json\/wp\/v2\/categories?post=15036"},{"taxonomy":"post_tag","embeddable":true,"href":"https:\/\/arquidiocesisdepopayan.org\/web\/wp-json\/wp\/v2\/tags?post=15036"}],"curies":[{"name":"wp","href":"https:\/\/api.w.org\/{rel}","templated":true}]}}